{"id":2686,"date":"2021-12-07T01:48:43","date_gmt":"2021-12-07T09:48:43","guid":{"rendered":"https:\/\/www.website-122f066c.bangweb.site\/website\/?p=2686"},"modified":"2023-01-04T23:17:51","modified_gmt":"2023-01-04T23:17:51","slug":"fachada-ventilada-con-fundermax","status":"publish","type":"post","link":"https:\/\/grupobasica.com\/en\/fachada-ventilada-con-fundermax\/","title":{"rendered":"La Fachada Ventilada a trav\u00e9s del envolvente fen\u00f3lico (HPL)"},"content":{"rendered":"<p>Como Arquitectos, sabemos lo esencial que es dejar atr\u00e1s un edificio que se mantendr\u00e1 en \u00f3ptimas condiciones durante su vida \u00fatil. Por eso ser\u00e1 importante elegir el material m\u00e1s adecuado a las necesidades del proyecto. Uno de los envolventes m\u00e1s vers\u00e1tiles para fachada es Fundermax. El cual ofrecemos en nuestra consultor\u00eda con un novedoso sistema de fachada ventilada.<\/p>\n\n\n\n<p><strong>\u00bfQu\u00e9 ofrece el&nbsp;laminado de alta presi\u00f3n&nbsp;Fundermax al sistema de fachada ventilada?<\/strong><\/p>\n\n\n\n<p>Primero hay que comprender que el comportamiento de la fachada ventilada radica en el principio de convecci\u00f3n, para conocer c\u00f3mo este sistema beneficia al recinto.<\/p>\n\n\n\n<p>El sol calienta el material de fachada, este iniciar\u00e1 un proceso de radiaci\u00f3n de calor hacia la c\u00e1mara de aire; calentando el aire que se encuentra ah\u00ed. Este aire caliente, de menor densidad asciende generando una corriente vertical que a su vez absorbe nuevo aire al interior de la c\u00e1mara. De esta manera el aire de la c\u00e1mara se renueva constantemente evitando que el calor absorbido por la fachada pase al interior del edificio. Esta misma corriente ayudar\u00e1 a mantener seco el cerramiento evitando que la condensaci\u00f3n de agua en las superficies pueda generar lesiones en el edificio.<\/p>\n\n\n\n<p>Existen muchas formas de lograr fachadas ventiladas. Pero si buscamos un envolvente ligero, lleno de color y de excelente durabilidad, las placas de <a href=\"https:\/\/grupobasica.com\/en\/productos\/fundermax\/\">HPL (Laminado de Alta Presi\u00f3n) de Fundermax<\/a> son una excelente opci\u00f3n. Hoy en d\u00eda se ha logrado optimizar su sistema de instalaci\u00f3n por medio de sub estructuras met\u00e1licas que sujetan a los paneles Fundermax; los cuales quedan separados permitiendo que el aire pase a trav\u00e9s de las juntas entre piezas. De esta manera se logra un acabado liso y resistente que adem\u00e1s de hacer una c\u00e1mara ventilada permite hacer una instalaci\u00f3n r\u00e1pida, eficiente y de m\u00e1xima calidad.<\/p>\n\n\n\n<p><strong>Beneficios del sistema de la Fachada Ventilada con HPL Fundermax:<\/strong><\/p>\n\n\n\n<ul class=\"wp-block-list\">\n<li>Ligero<\/li>\n\n\n\n<li>Rapidez en la instalaci\u00f3n<\/li>\n\n\n\n<li>Proporciona un ahorro energ\u00e9tico<\/li>\n\n\n\n<li>Durabilidad y rendimiento<\/li>\n\n\n\n<li>Eliminaci\u00f3n de condensaciones y manchas de humedad<\/li>\n\n\n\n<li>Protecci\u00f3n contra la lluvia<\/li>\n\n\n\n<li>Durabilidad de color gracias a su capa protectora de rayos UV<\/li>\n\n\n\n<li>Mayor estabilidad de la temperatura en el interior<\/li>\n\n\n\n<li>Mejora la habitabilidad mejorando la calidad de vida de los usuarios y el edificio<\/li>\n\n\n\n<li>Minimiza los gastos de mantenimiento<\/li>\n<\/ul>\n\n\n<div class=\"wp-block-image\">\n<figure class=\"aligncenter\"><img fetchpriority=\"high\" decoding=\"async\" width=\"1080\" height=\"402\" src=\"https:\/\/grupobasica.com\/website\/wp-content\/uploads\/2017\/05\/Sistemas-Fachada-Proyecto-Fundermax-02.jpg\" alt=\"Sistema de instalaci\u00f3n para una fachada con placas HPL de Fundermax\" class=\"wp-image-2693\" srcset=\"https:\/\/grupobasica.com\/wp-content\/uploads\/2017\/05\/Sistemas-Fachada-Proyecto-Fundermax-02.jpg 1080w, https:\/\/grupobasica.com\/wp-content\/uploads\/2017\/05\/Sistemas-Fachada-Proyecto-Fundermax-02-300x112.jpg 300w, https:\/\/grupobasica.com\/wp-content\/uploads\/2017\/05\/Sistemas-Fachada-Proyecto-Fundermax-02-1024x381.jpg 1024w, https:\/\/grupobasica.com\/wp-content\/uploads\/2017\/05\/Sistemas-Fachada-Proyecto-Fundermax-02-768x286.jpg 768w, https:\/\/grupobasica.com\/wp-content\/uploads\/2017\/05\/Sistemas-Fachada-Proyecto-Fundermax-02-700x261.jpg 700w\" sizes=\"(max-width: 1080px) 100vw, 1080px\" \/><\/figure>\n<\/div>\n\n\n<p>Nuestro proceso de trabajo nos permite brindar la soluci\u00f3n t\u00e9cnica adecuada para tu proyecto de fachada a trav\u00e9s de investigaciones previas que incluyen ubicaci\u00f3n, caracter\u00edsticas clim\u00e1ticas, radiaci\u00f3n solar, vientos, entre otros. Estos factores nos ayudan a definir qu\u00e9 envolvente responde adecuadamente a los requerimientos del edificio; c\u00f3mo hace frente al clima, as\u00ed como las necesidades estructurales. Una fachada ventilada bien dise\u00f1ada puede prever adecuadamente el comportamiento de los materiales para garantizar un resultado duradero con el m\u00ednimo mantenimiento posible. <\/p>\n\n\n\n<p>Env\u00eda tu proyecto para analizarlo y presentar la soluci\u00f3n m\u00e1s \u00f3ptima siguiendo este enlace: <a href=\"https:\/\/grupobasica.com\/en\/contacto\/\">https:\/\/grupobasica.com\/contacto\/<\/a><\/p>\n\n\n<div class=\"wp-block-image\">\n<figure class=\"aligncenter\"><img decoding=\"async\" width=\"640\" height=\"630\" src=\"https:\/\/grupobasica.com\/website\/wp-content\/uploads\/2017\/05\/Grupo-Basica-Fundermax-Collage.jpg\" alt=\"Fachadas con envolvente fen\u00f3lico (HPL) de Fundermax\" class=\"wp-image-2688\" srcset=\"https:\/\/grupobasica.com\/wp-content\/uploads\/2017\/05\/Grupo-Basica-Fundermax-Collage.jpg 640w, https:\/\/grupobasica.com\/wp-content\/uploads\/2017\/05\/Grupo-Basica-Fundermax-Collage-300x295.jpg 300w\" sizes=\"(max-width: 640px) 100vw, 640px\" \/><\/figure>\n<\/div>","protected":false},"excerpt":{"rendered":"<p>Como Arquitectos, sabemos lo esencial que es dejar atr\u00e1s un edificio que se mantendr\u00e1 en \u00f3ptimas condiciones durante su vida \u00fatil. Por eso ser\u00e1 importante elegir el material m\u00e1s adecuado a las necesidades del proyecto. Uno de los envolventes m\u00e1s&#8230;<\/p>","protected":false},"author":2,"featured_media":41530,"comment_status":"closed","ping_status":"closed","sticky":false,"template":"","format":"standard","meta":{"_monsterinsights_skip_tracking":false,"_monsterinsights_sitenote_active":false,"_monsterinsights_sitenote_note":"","_monsterinsights_sitenote_category":0,"footnotes":""},"categories":[25,28],"tags":[12,66,37],"class_list":["post-2686","post","type-post","status-publish","format-standard","has-post-thumbnail","hentry","category-conocimientos","category-diseno","tag-fachadas-ventiladas","tag-fundermax","tag-sistemas-de-fachadas"],"yoast_head":"\n<title>Fachada Ventilada con el envolvente fen\u00f3lico (HPL) | Grupo Basica\u00ae<\/title>\n<meta name=\"description\" content=\"Uno de los envolventes m\u00e1s vers\u00e1tiles para fachada es Fundermax. El cual ofrecemos en con un novedoso sistema de fachada ventilada.\" \/>\n<meta name=\"robots\" content=\"index, follow, max-snippet:-1, max-image-preview:large, max-video-preview:-1\" \/>\n<link rel=\"canonical\" href=\"https:\/\/www.website-122f066c.bangweb.site\/fachada-ventilada-con-fundermax\/\" \/>\n<meta property=\"og:locale\" content=\"en_US\" \/>\n<meta property=\"og:type\" content=\"article\" \/>\n<meta property=\"og:title\" content=\"Fachada Ventilada con el envolvente fen\u00f3lico (HPL) | Grupo Basica\u00ae\" \/>\n<meta property=\"og:description\" content=\"Uno de los envolventes m\u00e1s vers\u00e1tiles para fachada es Fundermax. El cual ofrecemos en con un novedoso sistema de fachada ventilada.\" \/>\n<meta property=\"og:url\" content=\"https:\/\/www.website-122f066c.bangweb.site\/fachada-ventilada-con-fundermax\/\" \/>\n<meta property=\"og:site_name\" content=\"Grupo Basica\u00ae\" \/>\n<meta property=\"article:published_time\" content=\"2021-12-07T09:48:43+00:00\" \/>\n<meta property=\"article:modified_time\" content=\"2023-01-04T23:17:51+00:00\" \/>\n<meta property=\"og:image\" content=\"https:\/\/www.website-122f066c.bangweb.site\/wp-content\/uploads\/2021\/12\/fach-vent-fundermax-2-scaled-1.jpg\" \/>\n\t<meta property=\"og:image:width\" content=\"2560\" \/>\n\t<meta property=\"og:image:height\" content=\"1920\" \/>\n\t<meta property=\"og:image:type\" content=\"image\/jpeg\" \/>\n<meta name=\"author\" content=\"adriana liv\" \/>\n<meta name=\"twitter:card\" content=\"summary_large_image\" \/>\n<meta name=\"twitter:label1\" content=\"Written by\" \/>\n\t<meta name=\"twitter:data1\" content=\"adriana liv\" \/>\n\t<meta name=\"twitter:label2\" content=\"Est. reading time\" \/>\n\t<meta name=\"twitter:data2\" content=\"3 minutes\" \/>\n<script type=\"application\/ld+json\" class=\"yoast-schema-graph\">{\"@context\":\"https:\\\/\\\/schema.org\",\"@graph\":[{\"@type\":\"Article\",\"@id\":\"https:\\\/\\\/www.website-122f066c.bangweb.site\\\/fachada-ventilada-con-fundermax\\\/#article\",\"isPartOf\":{\"@id\":\"https:\\\/\\\/www.website-122f066c.bangweb.site\\\/fachada-ventilada-con-fundermax\\\/\"},\"author\":{\"name\":\"adriana liv\",\"@id\":\"https:\\\/\\\/www.website-122f066c.bangweb.site\\\/#\\\/schema\\\/person\\\/afa17a59e6bb68be638d482da25979c5\"},\"headline\":\"La Fachada Ventilada a trav\u00e9s del envolvente fen\u00f3lico (HPL)\",\"datePublished\":\"2021-12-07T09:48:43+00:00\",\"dateModified\":\"2023-01-04T23:17:51+00:00\",\"mainEntityOfPage\":{\"@id\":\"https:\\\/\\\/www.website-122f066c.bangweb.site\\\/fachada-ventilada-con-fundermax\\\/\"},\"wordCount\":516,\"publisher\":{\"@id\":\"https:\\\/\\\/www.website-122f066c.bangweb.site\\\/#organization\"},\"image\":{\"@id\":\"https:\\\/\\\/www.website-122f066c.bangweb.site\\\/fachada-ventilada-con-fundermax\\\/#primaryimage\"},\"thumbnailUrl\":\"https:\\\/\\\/grupobasica.com\\\/wp-content\\\/uploads\\\/2021\\\/12\\\/fach-vent-fundermax-2-scaled-1.jpg\",\"keywords\":[\"fachadas ventiladas\",\"Fundermax\",\"sistemas de fachadas\"],\"articleSection\":[\"Conocimientos\",\"Dise\u00f1o\"],\"inLanguage\":\"en-US\"},{\"@type\":\"WebPage\",\"@id\":\"https:\\\/\\\/www.website-122f066c.bangweb.site\\\/fachada-ventilada-con-fundermax\\\/\",\"url\":\"https:\\\/\\\/www.website-122f066c.bangweb.site\\\/fachada-ventilada-con-fundermax\\\/\",\"name\":\"Fachada Ventilada con el envolvente fen\u00f3lico (HPL) | Grupo Basica\u00ae\",\"isPartOf\":{\"@id\":\"https:\\\/\\\/www.website-122f066c.bangweb.site\\\/#website\"},\"primaryImageOfPage\":{\"@id\":\"https:\\\/\\\/www.website-122f066c.bangweb.site\\\/fachada-ventilada-con-fundermax\\\/#primaryimage\"},\"image\":{\"@id\":\"https:\\\/\\\/www.website-122f066c.bangweb.site\\\/fachada-ventilada-con-fundermax\\\/#primaryimage\"},\"thumbnailUrl\":\"https:\\\/\\\/grupobasica.com\\\/wp-content\\\/uploads\\\/2021\\\/12\\\/fach-vent-fundermax-2-scaled-1.jpg\",\"datePublished\":\"2021-12-07T09:48:43+00:00\",\"dateModified\":\"2023-01-04T23:17:51+00:00\",\"description\":\"Uno de los envolventes m\u00e1s vers\u00e1tiles para fachada es Fundermax. El cual ofrecemos en con un novedoso sistema de fachada ventilada.\",\"breadcrumb\":{\"@id\":\"https:\\\/\\\/www.website-122f066c.bangweb.site\\\/fachada-ventilada-con-fundermax\\\/#breadcrumb\"},\"inLanguage\":\"en-US\",\"potentialAction\":[{\"@type\":\"ReadAction\",\"target\":[\"https:\\\/\\\/www.website-122f066c.bangweb.site\\\/fachada-ventilada-con-fundermax\\\/\"]}]},{\"@type\":\"ImageObject\",\"inLanguage\":\"en-US\",\"@id\":\"https:\\\/\\\/www.website-122f066c.bangweb.site\\\/fachada-ventilada-con-fundermax\\\/#primaryimage\",\"url\":\"https:\\\/\\\/grupobasica.com\\\/wp-content\\\/uploads\\\/2021\\\/12\\\/fach-vent-fundermax-2-scaled-1.jpg\",\"contentUrl\":\"https:\\\/\\\/grupobasica.com\\\/wp-content\\\/uploads\\\/2021\\\/12\\\/fach-vent-fundermax-2-scaled-1.jpg\",\"width\":2560,\"height\":1920},{\"@type\":\"BreadcrumbList\",\"@id\":\"https:\\\/\\\/www.website-122f066c.bangweb.site\\\/fachada-ventilada-con-fundermax\\\/#breadcrumb\",\"itemListElement\":[{\"@type\":\"ListItem\",\"position\":1,\"name\":\"Portada\",\"item\":\"https:\\\/\\\/grupobasica.com\\\/\"},{\"@type\":\"ListItem\",\"position\":2,\"name\":\"La Fachada Ventilada a trav\u00e9s del envolvente fen\u00f3lico (HPL)\"}]},{\"@type\":\"WebSite\",\"@id\":\"https:\\\/\\\/www.website-122f066c.bangweb.site\\\/#website\",\"url\":\"https:\\\/\\\/www.website-122f066c.bangweb.site\\\/\",\"name\":\"Grupo Basica\u00a9\",\"description\":\"Consultor\u00eda, Dise\u00f1o y Sistema de Fachadas\",\"publisher\":{\"@id\":\"https:\\\/\\\/www.website-122f066c.bangweb.site\\\/#organization\"},\"alternateName\":\"Basica\u00a9\",\"potentialAction\":[{\"@type\":\"SearchAction\",\"target\":{\"@type\":\"EntryPoint\",\"urlTemplate\":\"https:\\\/\\\/www.website-122f066c.bangweb.site\\\/?s={search_term_string}\"},\"query-input\":{\"@type\":\"PropertyValueSpecification\",\"valueRequired\":true,\"valueName\":\"search_term_string\"}}],\"inLanguage\":\"en-US\"},{\"@type\":\"Organization\",\"@id\":\"https:\\\/\\\/www.website-122f066c.bangweb.site\\\/#organization\",\"name\":\"Grupo Basica\u00a9\",\"alternateName\":\"Basica\u00a9\",\"url\":\"https:\\\/\\\/www.website-122f066c.bangweb.site\\\/\",\"logo\":{\"@type\":\"ImageObject\",\"inLanguage\":\"en-US\",\"@id\":\"https:\\\/\\\/www.website-122f066c.bangweb.site\\\/#\\\/schema\\\/logo\\\/image\\\/\",\"url\":\"https:\\\/\\\/grupobasica.com\\\/wp-content\\\/uploads\\\/2023\\\/03\\\/logo-grupobasica-696px.png\",\"contentUrl\":\"https:\\\/\\\/grupobasica.com\\\/wp-content\\\/uploads\\\/2023\\\/03\\\/logo-grupobasica-696px.png\",\"width\":696,\"height\":696,\"caption\":\"Grupo Basica\u00a9\"},\"image\":{\"@id\":\"https:\\\/\\\/www.website-122f066c.bangweb.site\\\/#\\\/schema\\\/logo\\\/image\\\/\"}},{\"@type\":\"Person\",\"@id\":\"https:\\\/\\\/www.website-122f066c.bangweb.site\\\/#\\\/schema\\\/person\\\/afa17a59e6bb68be638d482da25979c5\",\"name\":\"adriana liv\",\"image\":{\"@type\":\"ImageObject\",\"inLanguage\":\"en-US\",\"@id\":\"https:\\\/\\\/grupobasica.com\\\/wp-content\\\/litespeed\\\/avatar\\\/864d48a4709158026a0c95d0dcc43c8f.jpg?ver=1776866798\",\"url\":\"https:\\\/\\\/grupobasica.com\\\/wp-content\\\/litespeed\\\/avatar\\\/864d48a4709158026a0c95d0dcc43c8f.jpg?ver=1776866798\",\"contentUrl\":\"https:\\\/\\\/grupobasica.com\\\/wp-content\\\/litespeed\\\/avatar\\\/864d48a4709158026a0c95d0dcc43c8f.jpg?ver=1776866798\",\"caption\":\"adriana liv\"},\"url\":\"https:\\\/\\\/grupobasica.com\\\/en\\\/author\\\/adriana\\\/\"}]}<\/script>\n","yoast_head_json":{"title":"Fachada Ventilada con el envolvente fen\u00f3lico (HPL) | Grupo Basica\u00ae","description":"Uno de los envolventes m\u00e1s vers\u00e1tiles para fachada es Fundermax. El cual ofrecemos en con un novedoso sistema de fachada ventilada.","robots":{"index":"index","follow":"follow","max-snippet":"max-snippet:-1","max-image-preview":"max-image-preview:large","max-video-preview":"max-video-preview:-1"},"canonical":"https:\/\/www.website-122f066c.bangweb.site\/fachada-ventilada-con-fundermax\/","og_locale":"en_US","og_type":"article","og_title":"Fachada Ventilada con el envolvente fen\u00f3lico (HPL) | Grupo Basica\u00ae","og_description":"Uno de los envolventes m\u00e1s vers\u00e1tiles para fachada es Fundermax. El cual ofrecemos en con un novedoso sistema de fachada ventilada.","og_url":"https:\/\/www.website-122f066c.bangweb.site\/fachada-ventilada-con-fundermax\/","og_site_name":"Grupo Basica\u00ae","article_published_time":"2021-12-07T09:48:43+00:00","article_modified_time":"2023-01-04T23:17:51+00:00","og_image":[{"width":2560,"height":1920,"url":"https:\/\/www.website-122f066c.bangweb.site\/wp-content\/uploads\/2021\/12\/fach-vent-fundermax-2-scaled-1.jpg","type":"image\/jpeg"}],"author":"adriana liv","twitter_card":"summary_large_image","twitter_misc":{"Written by":"adriana liv","Est. reading time":"3 minutes"},"schema":{"@context":"https:\/\/schema.org","@graph":[{"@type":"Article","@id":"https:\/\/www.website-122f066c.bangweb.site\/fachada-ventilada-con-fundermax\/#article","isPartOf":{"@id":"https:\/\/www.website-122f066c.bangweb.site\/fachada-ventilada-con-fundermax\/"},"author":{"name":"adriana liv","@id":"https:\/\/www.website-122f066c.bangweb.site\/#\/schema\/person\/afa17a59e6bb68be638d482da25979c5"},"headline":"La Fachada Ventilada a trav\u00e9s del envolvente fen\u00f3lico (HPL)","datePublished":"2021-12-07T09:48:43+00:00","dateModified":"2023-01-04T23:17:51+00:00","mainEntityOfPage":{"@id":"https:\/\/www.website-122f066c.bangweb.site\/fachada-ventilada-con-fundermax\/"},"wordCount":516,"publisher":{"@id":"https:\/\/www.website-122f066c.bangweb.site\/#organization"},"image":{"@id":"https:\/\/www.website-122f066c.bangweb.site\/fachada-ventilada-con-fundermax\/#primaryimage"},"thumbnailUrl":"https:\/\/grupobasica.com\/wp-content\/uploads\/2021\/12\/fach-vent-fundermax-2-scaled-1.jpg","keywords":["fachadas ventiladas","Fundermax","sistemas de fachadas"],"articleSection":["Conocimientos","Dise\u00f1o"],"inLanguage":"en-US"},{"@type":"WebPage","@id":"https:\/\/www.website-122f066c.bangweb.site\/fachada-ventilada-con-fundermax\/","url":"https:\/\/www.website-122f066c.bangweb.site\/fachada-ventilada-con-fundermax\/","name":"Fachada Ventilada con el envolvente fen\u00f3lico (HPL) | Grupo Basica\u00ae","isPartOf":{"@id":"https:\/\/www.website-122f066c.bangweb.site\/#website"},"primaryImageOfPage":{"@id":"https:\/\/www.website-122f066c.bangweb.site\/fachada-ventilada-con-fundermax\/#primaryimage"},"image":{"@id":"https:\/\/www.website-122f066c.bangweb.site\/fachada-ventilada-con-fundermax\/#primaryimage"},"thumbnailUrl":"https:\/\/grupobasica.com\/wp-content\/uploads\/2021\/12\/fach-vent-fundermax-2-scaled-1.jpg","datePublished":"2021-12-07T09:48:43+00:00","dateModified":"2023-01-04T23:17:51+00:00","description":"Uno de los envolventes m\u00e1s vers\u00e1tiles para fachada es Fundermax. El cual ofrecemos en con un novedoso sistema de fachada ventilada.","breadcrumb":{"@id":"https:\/\/www.website-122f066c.bangweb.site\/fachada-ventilada-con-fundermax\/#breadcrumb"},"inLanguage":"en-US","potentialAction":[{"@type":"ReadAction","target":["https:\/\/www.website-122f066c.bangweb.site\/fachada-ventilada-con-fundermax\/"]}]},{"@type":"ImageObject","inLanguage":"en-US","@id":"https:\/\/www.website-122f066c.bangweb.site\/fachada-ventilada-con-fundermax\/#primaryimage","url":"https:\/\/grupobasica.com\/wp-content\/uploads\/2021\/12\/fach-vent-fundermax-2-scaled-1.jpg","contentUrl":"https:\/\/grupobasica.com\/wp-content\/uploads\/2021\/12\/fach-vent-fundermax-2-scaled-1.jpg","width":2560,"height":1920},{"@type":"BreadcrumbList","@id":"https:\/\/www.website-122f066c.bangweb.site\/fachada-ventilada-con-fundermax\/#breadcrumb","itemListElement":[{"@type":"ListItem","position":1,"name":"Portada","item":"https:\/\/grupobasica.com\/"},{"@type":"ListItem","position":2,"name":"La Fachada Ventilada a trav\u00e9s del envolvente fen\u00f3lico (HPL)"}]},{"@type":"WebSite","@id":"https:\/\/www.website-122f066c.bangweb.site\/#website","url":"https:\/\/www.website-122f066c.bangweb.site\/","name":"Grupo Basica\u00a9","description":"Consultor\u00eda, Dise\u00f1o y Sistema de Fachadas","publisher":{"@id":"https:\/\/www.website-122f066c.bangweb.site\/#organization"},"alternateName":"Basica\u00a9","potentialAction":[{"@type":"SearchAction","target":{"@type":"EntryPoint","urlTemplate":"https:\/\/www.website-122f066c.bangweb.site\/?s={search_term_string}"},"query-input":{"@type":"PropertyValueSpecification","valueRequired":true,"valueName":"search_term_string"}}],"inLanguage":"en-US"},{"@type":"Organization","@id":"https:\/\/www.website-122f066c.bangweb.site\/#organization","name":"Grupo Basica\u00a9","alternateName":"Basica\u00a9","url":"https:\/\/www.website-122f066c.bangweb.site\/","logo":{"@type":"ImageObject","inLanguage":"en-US","@id":"https:\/\/www.website-122f066c.bangweb.site\/#\/schema\/logo\/image\/","url":"https:\/\/grupobasica.com\/wp-content\/uploads\/2023\/03\/logo-grupobasica-696px.png","contentUrl":"https:\/\/grupobasica.com\/wp-content\/uploads\/2023\/03\/logo-grupobasica-696px.png","width":696,"height":696,"caption":"Grupo Basica\u00a9"},"image":{"@id":"https:\/\/www.website-122f066c.bangweb.site\/#\/schema\/logo\/image\/"}},{"@type":"Person","@id":"https:\/\/www.website-122f066c.bangweb.site\/#\/schema\/person\/afa17a59e6bb68be638d482da25979c5","name":"adriana liv","image":{"@type":"ImageObject","inLanguage":"en-US","@id":"https:\/\/grupobasica.com\/wp-content\/litespeed\/avatar\/864d48a4709158026a0c95d0dcc43c8f.jpg?ver=1776866798","url":"https:\/\/grupobasica.com\/wp-content\/litespeed\/avatar\/864d48a4709158026a0c95d0dcc43c8f.jpg?ver=1776866798","contentUrl":"https:\/\/grupobasica.com\/wp-content\/litespeed\/avatar\/864d48a4709158026a0c95d0dcc43c8f.jpg?ver=1776866798","caption":"adriana liv"},"url":"https:\/\/grupobasica.com\/en\/author\/adriana\/"}]}},"_links":{"self":[{"href":"https:\/\/grupobasica.com\/en\/wp-json\/wp\/v2\/posts\/2686","targetHints":{"allow":["GET"]}}],"collection":[{"href":"https:\/\/grupobasica.com\/en\/wp-json\/wp\/v2\/posts"}],"about":[{"href":"https:\/\/grupobasica.com\/en\/wp-json\/wp\/v2\/types\/post"}],"author":[{"embeddable":true,"href":"https:\/\/grupobasica.com\/en\/wp-json\/wp\/v2\/users\/2"}],"replies":[{"embeddable":true,"href":"https:\/\/grupobasica.com\/en\/wp-json\/wp\/v2\/comments?post=2686"}],"version-history":[{"count":0,"href":"https:\/\/grupobasica.com\/en\/wp-json\/wp\/v2\/posts\/2686\/revisions"}],"wp:featuredmedia":[{"embeddable":true,"href":"https:\/\/grupobasica.com\/en\/wp-json\/wp\/v2\/media\/41530"}],"wp:attachment":[{"href":"https:\/\/grupobasica.com\/en\/wp-json\/wp\/v2\/media?parent=2686"}],"wp:term":[{"taxonomy":"category","embeddable":true,"href":"https:\/\/grupobasica.com\/en\/wp-json\/wp\/v2\/categories?post=2686"},{"taxonomy":"post_tag","embeddable":true,"href":"https:\/\/grupobasica.com\/en\/wp-json\/wp\/v2\/tags?post=2686"}],"curies":[{"name":"wp","href":"https:\/\/api.w.org\/{rel}","templated":true}]}}